{"id":4468,"date":"2025-11-28T08:06:54","date_gmt":"2025-11-28T08:06:54","guid":{"rendered":"https:\/\/gracia.escolateresiana.com\/2025\/11\/28\/semana-de-la-ciencia-2025\/"},"modified":"2025-11-28T08:09:10","modified_gmt":"2025-11-28T08:09:10","slug":"semana-de-la-ciencia-2025","status":"publish","type":"post","link":"https:\/\/gracia.escolateresiana.com\/es\/2025\/11\/28\/semana-de-la-ciencia-2025\/","title":{"rendered":"Semana de la Ciencia 2025"},"content":{"rendered":"<p>[vc_row css_animation=\u00bb\u00bb row_type=\u00bbrow\u00bb use_row_as_full_screen_section=\u00bbno\u00bb type=\u00bbfull_width\u00bb angled_section=\u00bbno\u00bb text_align=\u00bbleft\u00bb background_image_as_pattern=\u00bbwithout_pattern\u00bb][vc_column][vc_empty_space][\/vc_column][\/vc_row][vc_row css_animation=\u00bb\u00bb row_type=\u00bbrow\u00bb use_row_as_full_screen_section=\u00bbno\u00bb type=\u00bbfull_width\u00bb angled_section=\u00bbno\u00bb text_align=\u00bbleft\u00bb background_image_as_pattern=\u00bbwithout_pattern\u00bb][vc_column][vc_column_text]Del 10 al 14 de noviembre, nuestra escuela ha celebrado con gran entusiasmo la Semana de la Ciencia, un acontecimiento que tiene como objetivo acercar la ciencia a todos los alumnos de una manera pr\u00e1ctica y divertida.<\/p>\n<p>Durante estos d\u00edas, los m\u00e1s peque\u00f1os, de Infantil y de 1.\u00ba, 2.\u00ba y 3.\u00ba de Primaria, han podido observar y participar en experimentos descubriendo los fen\u00f3menos cient\u00edficos de forma directa y motivadora.<\/p>\n<p>Los alumnos de 4.\u00ba, 5.\u00ba y 6.\u00ba de Primaria organizaron su propia Feria de Experimentos, mostrando los proyectos que hab\u00edan preparado. De manera parecida, los alumnos de la ESO y Bachillerato participaron en una Feria Cient\u00edfica, presentando sus experimentos y trabajos cient\u00edficos. &nbsp;<\/p>\n<p>Estas actividades concluyeron con la entrega de premios, reconociendo el esfuerzo y la dedicaci\u00f3n de los estudiantes.<\/p>\n<p>La Semana de la Ciencia ha sido una oportunidad fant\u00e1stica porque toda la comunidad educativa comparta la curiosidad cient\u00edfica y disfrute aprendiendo de manera pr\u00e1ctica y divertida.[\/vc_column_text][\/vc_column][\/vc_row][vc_row css_animation=\u00bb\u00bb row_type=\u00bbrow\u00bb use_row_as_full_screen_section=\u00bbno\u00bb type=\u00bbfull_width\u00bb angled_section=\u00bbno\u00bb text_align=\u00bbleft\u00bb background_image_as_pattern=\u00bbwithout_pattern\u00bb][vc_column][vc_empty_space][\/vc_column][\/vc_row][vc_row css_animation=\u00bb\u00bb row_type=\u00bbrow\u00bb use_row_as_full_screen_section=\u00bbno\u00bb type=\u00bbfull_width\u00bb angled_section=\u00bbno\u00bb text_align=\u00bbleft\u00bb background_image_as_pattern=\u00bbwithout_pattern\u00bb][vc_column][\/vc_column][\/vc_row]<\/p>\n","protected":false},"excerpt":{"rendered":"<p>Del 10 al 14 de noviembre, nuestra escuela ha celebrado con gran entusiasmo la Semana de la Ciencia, un acontecimiento que tiene como objetivo acercar la ciencia a todos los alumnos de una manera pr\u00e1ctica y divertida.<\/p>\n","protected":false},"author":1,"featured_media":4466,"comment_status":"closed","ping_status":"open","sticky":false,"template":"","format":"standard","meta":{"ngg_post_thumbnail":0,"footnotes":""},"categories":[18],"tags":[],"class_list":["post-4468","post","type-post","status-publish","format-standard","has-post-thumbnail","hentry","category-sin-categorizar"],"_links":{"self":[{"href":"https:\/\/gracia.escolateresiana.com\/es\/wp-json\/wp\/v2\/posts\/4468","targetHints":{"allow":["GET"]}}],"collection":[{"href":"https:\/\/gracia.escolateresiana.com\/es\/wp-json\/wp\/v2\/posts"}],"about":[{"href":"https:\/\/gracia.escolateresiana.com\/es\/wp-json\/wp\/v2\/types\/post"}],"author":[{"embeddable":true,"href":"https:\/\/gracia.escolateresiana.com\/es\/wp-json\/wp\/v2\/users\/1"}],"replies":[{"embeddable":true,"href":"https:\/\/gracia.escolateresiana.com\/es\/wp-json\/wp\/v2\/comments?post=4468"}],"version-history":[{"count":2,"href":"https:\/\/gracia.escolateresiana.com\/es\/wp-json\/wp\/v2\/posts\/4468\/revisions"}],"predecessor-version":[{"id":4470,"href":"https:\/\/gracia.escolateresiana.com\/es\/wp-json\/wp\/v2\/posts\/4468\/revisions\/4470"}],"wp:featuredmedia":[{"embeddable":true,"href":"https:\/\/gracia.escolateresiana.com\/es\/wp-json\/wp\/v2\/media\/4466"}],"wp:attachment":[{"href":"https:\/\/gracia.escolateresiana.com\/es\/wp-json\/wp\/v2\/media?parent=4468"}],"wp:term":[{"taxonomy":"category","embeddable":true,"href":"https:\/\/gracia.escolateresiana.com\/es\/wp-json\/wp\/v2\/categories?post=4468"},{"taxonomy":"post_tag","embeddable":true,"href":"https:\/\/gracia.escolateresiana.com\/es\/wp-json\/wp\/v2\/tags?post=4468"}],"curies":[{"name":"wp","href":"https:\/\/api.w.org\/{rel}","templated":true}]}}