{"id":4475,"date":"2025-12-02T08:23:43","date_gmt":"2025-12-02T08:23:43","guid":{"rendered":"https:\/\/gracia.escolateresiana.com\/2025\/12\/02\/una-de-nuestras-alumnas-ha-sido-premiada-en-los-premios-extraordinarios-de-bachillerato\/"},"modified":"2025-12-02T08:28:08","modified_gmt":"2025-12-02T08:28:08","slug":"una-de-nuestras-alumnas-ha-sido-premiada-en-los-premios-extraordinarios-de-bachillerato","status":"publish","type":"post","link":"https:\/\/gracia.escolateresiana.com\/es\/2025\/12\/02\/una-de-nuestras-alumnas-ha-sido-premiada-en-los-premios-extraordinarios-de-bachillerato\/","title":{"rendered":"Una de nuestras alumnas ha sido premiada en los Premios Extraordinarios de Bachillerato"},"content":{"rendered":"<p>[vc_row css_animation=\u00bb\u00bb row_type=\u00bbrow\u00bb use_row_as_full_screen_section=\u00bbno\u00bb type=\u00bbfull_width\u00bb angled_section=\u00bbno\u00bb text_align=\u00bbleft\u00bb background_image_as_pattern=\u00bbwithout_pattern\u00bb][vc_column][vc_empty_space][\/vc_column][\/vc_row][vc_row css_animation=\u00bb\u00bb row_type=\u00bbrow\u00bb use_row_as_full_screen_section=\u00bbno\u00bb type=\u00bbfull_width\u00bb angled_section=\u00bbno\u00bb text_align=\u00bbleft\u00bb background_image_as_pattern=\u00bbwithout_pattern\u00bb][vc_column][vc_column_text]Nos hace mucha ilusi\u00f3n anunciar que nuestra alumna&nbsp;Samantha Bustillo&nbsp;ha sido reconocida como una de las&nbsp;premiadas a los Premios Extraordinarios de Bachillerato, situ\u00e1ndose entre los &nbsp;50 mejores alumnos de Catalu\u00f1a.<\/p>\n<p>Este galard\u00f3n es un reconocimiento a su &nbsp;esfuerzo constante, dedicaci\u00f3n y af\u00e1n de superaci\u00f3n, calidades que ha demostrado a lo largo de toda su trayectoria escolar. Desde la escuela, queremos expresarle la nuestra m\u00e1s sincera enhorabuena por este logro tan merecido. <\/p>\n<p>\u00a1Enhorabuena, Samantha! Estamos muy contentos por t\u00fa y muy orgullosos de formar parte de tu camino. &nbsp;[\/vc_column_text][\/vc_column][\/vc_row][vc_row css_animation=\u00bb\u00bb row_type=\u00bbrow\u00bb use_row_as_full_screen_section=\u00bbno\u00bb type=\u00bbfull_width\u00bb angled_section=\u00bbno\u00bb text_align=\u00bbleft\u00bb background_image_as_pattern=\u00bbwithout_pattern\u00bb][vc_column][vc_empty_space][\/vc_column][\/vc_row][vc_row css_animation=\u00bb\u00bb row_type=\u00bbrow\u00bb use_row_as_full_screen_section=\u00bbno\u00bb type=\u00bbfull_width\u00bb angled_section=\u00bbno\u00bb text_align=\u00bbleft\u00bb background_image_as_pattern=\u00bbwithout_pattern\u00bb][vc_column][\/vc_column][\/vc_row]<\/p>\n","protected":false},"excerpt":{"rendered":"<p>Nos hace mucha ilusi\u00f3n anunciar que nuestra alumna Samantha Bustillo ha sido reconocida como una de las premiadas a los Premios Extraordinarios de Bachillerato, situ\u00e1ndose entre los 50 mejores alumnos de Catalu\u00f1a.<\/p>\n","protected":false},"author":1,"featured_media":4473,"comment_status":"closed","ping_status":"open","sticky":false,"template":"","format":"standard","meta":{"ngg_post_thumbnail":0,"footnotes":""},"categories":[18],"tags":[],"class_list":["post-4475","post","type-post","status-publish","format-standard","has-post-thumbnail","hentry","category-sin-categorizar"],"_links":{"self":[{"href":"https:\/\/gracia.escolateresiana.com\/es\/wp-json\/wp\/v2\/posts\/4475","targetHints":{"allow":["GET"]}}],"collection":[{"href":"https:\/\/gracia.escolateresiana.com\/es\/wp-json\/wp\/v2\/posts"}],"about":[{"href":"https:\/\/gracia.escolateresiana.com\/es\/wp-json\/wp\/v2\/types\/post"}],"author":[{"embeddable":true,"href":"https:\/\/gracia.escolateresiana.com\/es\/wp-json\/wp\/v2\/users\/1"}],"replies":[{"embeddable":true,"href":"https:\/\/gracia.escolateresiana.com\/es\/wp-json\/wp\/v2\/comments?post=4475"}],"version-history":[{"count":2,"href":"https:\/\/gracia.escolateresiana.com\/es\/wp-json\/wp\/v2\/posts\/4475\/revisions"}],"predecessor-version":[{"id":4477,"href":"https:\/\/gracia.escolateresiana.com\/es\/wp-json\/wp\/v2\/posts\/4475\/revisions\/4477"}],"wp:featuredmedia":[{"embeddable":true,"href":"https:\/\/gracia.escolateresiana.com\/es\/wp-json\/wp\/v2\/media\/4473"}],"wp:attachment":[{"href":"https:\/\/gracia.escolateresiana.com\/es\/wp-json\/wp\/v2\/media?parent=4475"}],"wp:term":[{"taxonomy":"category","embeddable":true,"href":"https:\/\/gracia.escolateresiana.com\/es\/wp-json\/wp\/v2\/categories?post=4475"},{"taxonomy":"post_tag","embeddable":true,"href":"https:\/\/gracia.escolateresiana.com\/es\/wp-json\/wp\/v2\/tags?post=4475"}],"curies":[{"name":"wp","href":"https:\/\/api.w.org\/{rel}","templated":true}]}}