{"id":4532,"date":"2026-02-09T08:53:11","date_gmt":"2026-02-09T08:53:11","guid":{"rendered":"https:\/\/gracia.escolateresiana.com\/2026\/02\/09\/celebramos-san-enrique-de-osso-con-una-jornada-llena-de-actividades-y-convivencia\/"},"modified":"2026-02-09T08:56:19","modified_gmt":"2026-02-09T08:56:19","slug":"celebramos-san-enrique-de-osso-con-una-jornada-llena-de-actividades-y-convivencia","status":"publish","type":"post","link":"https:\/\/gracia.escolateresiana.com\/es\/2026\/02\/09\/celebramos-san-enrique-de-osso-con-una-jornada-llena-de-actividades-y-convivencia\/","title":{"rendered":"Celebramos San Enrique de Oss\u00f3 con una jornada llena de actividades y convivencia"},"content":{"rendered":"<p>[vc_row css_animation=\u00bb\u00bb row_type=\u00bbrow\u00bb use_row_as_full_screen_section=\u00bbno\u00bb type=\u00bbfull_width\u00bb angled_section=\u00bbno\u00bb text_align=\u00bbleft\u00bb background_image_as_pattern=\u00bbwithout_pattern\u00bb][vc_column][vc_empty_space][\/vc_column][\/vc_row][vc_row css_animation=\u00bb\u00bb row_type=\u00bbrow\u00bb use_row_as_full_screen_section=\u00bbno\u00bb type=\u00bbfull_width\u00bb angled_section=\u00bbno\u00bb text_align=\u00bbleft\u00bb background_image_as_pattern=\u00bbwithout_pattern\u00bb][vc_column][vc_column_text]El pasado 27 de enero celebramos en la escuela el d\u00eda de San Enrique de Oss\u00f3, una jornada especial que forma parte de nuestra identidad de centro y que cada a\u00f1o vivimos con mucha ilusi\u00f3n. A lo largo del d\u00eda, los diferentes cursos participaron en propuestas variadas adaptadas en cada edad: juegos l\u00fadicos, actividades deportivas, din\u00e1micas de grupo y espacios de trabajo compartido que favorecieron la cooperaci\u00f3n y el buen ambiente entre compa\u00f1eros. El alumnado m\u00e1s grande tambi\u00e9n pudo hacer salidas y actividades fuera del aula, convirtiendo la jornada en una experiencia diferente y enriquecedora.  <\/p>\n<p>Por la tarde, cerramos la celebraci\u00f3n con un rato de cine en la escuela, un momento distendido y muy esperado que permiti\u00f3 compartir risas y relajarnos plegados despu\u00e9s de un d\u00eda intenso. Una jornada diferente que nos permiti\u00f3 compartir, disfrutar y crecer como comunidad educativa.. <\/p>\n<p>El mismo d\u00eda tambi\u00e9n se celebr\u00f3 a la bas\u00edlica de Santa Maria de Mar el acto conmemorativo de los 150 a\u00f1os de la Compa\u00f1\u00eda de Santa Teresa de Jes\u00fas, con participaci\u00f3n de la familia teresiana. El encuentro destac\u00f3 la continuidad de su proyecto educativo en la actualidad.[\/vc_column_text][\/vc_column][\/vc_row][vc_row css_animation=\u00bb\u00bb row_type=\u00bbrow\u00bb use_row_as_full_screen_section=\u00bbno\u00bb type=\u00bbfull_width\u00bb angled_section=\u00bbno\u00bb text_align=\u00bbleft\u00bb background_image_as_pattern=\u00bbwithout_pattern\u00bb][vc_column][vc_empty_space][\/vc_column][\/vc_row][vc_row css_animation=\u00bb\u00bb row_type=\u00bbrow\u00bb use_row_as_full_screen_section=\u00bbno\u00bb type=\u00bbfull_width\u00bb angled_section=\u00bbno\u00bb text_align=\u00bbleft\u00bb background_image_as_pattern=\u00bbwithout_pattern\u00bb][vc_column]<div class=\"qode-advanced-image-gallery  qode-aig-masonry-type qode-normal-space  qode-image-behavior-lightbox \">\n\t<div class=\"qode-aig-inner qode-outer-space qode-aig-masonry qode-aig-two-columns\">\n\t\t<div class=\"qode-aig-grid-sizer\"><\/div>\n\t\t<div class=\"qode-aig-grid-gutter\"><\/div>\n\t\t\t\t\t\t\t\t<div class=\"qode-aig-image qode-item-space qode-aig-default-masonry-item\">\n\t\t\t\t<div class=\"qode-aig-image-inner\">\n\t\t\t\t\t\t\t\t\t\t\t<a itemprop=\"image\" class=\"qode-aig-lightbox\" href=\"https:\/\/gracia.escolateresiana.com\/wp-content\/uploads\/2026\/02\/image1-1.jpg\" data-rel=\"prettyPhoto[image_gallery_pretty_photo-837]\" title=\"image1-(1)\">\n\t\t\t\t\t\t\t\t\t\t\t<img loading=\"lazy\" decoding=\"async\" width=\"1400\" height=\"1867\" src=\"https:\/\/gracia.escolateresiana.com\/wp-content\/uploads\/2026\/02\/image1-1.jpg\" class=\"attachment-full size-full\" alt=\"\" srcset=\"https:\/\/gracia.escolateresiana.com\/wp-content\/uploads\/2026\/02\/image1-1.jpg 1400w, https:\/\/gracia.escolateresiana.com\/wp-content\/uploads\/2026\/02\/image1-1-225x300.jpg 225w, https:\/\/gracia.escolateresiana.com\/wp-content\/uploads\/2026\/02\/image1-1-768x1024.jpg 768w, https:\/\/gracia.escolateresiana.com\/wp-content\/uploads\/2026\/02\/image1-1-1152x1536.jpg 1152w, https:\/\/gracia.escolateresiana.com\/wp-content\/uploads\/2026\/02\/image1-1-600x800.jpg 600w, https:\/\/gracia.escolateresiana.com\/wp-content\/uploads\/2026\/02\/image1-1-700x934.jpg 700w\" sizes=\"auto, (max-width: 1400px) 100vw, 1400px\" \/>\t\t\t\t\t\t<span class=\"aig-gallery-hover\">\n\t\t\t\t\t\t\t\t\t\t\t\t\t<\/span>\n\t\t\t\t\t\t\t\t\t\t\t<\/a>\n\t\t\t\t\t\t\t\t\t<\/div>\n\t\t\t<\/div>\n\t\t\t\t\t\t\t\t<div class=\"qode-aig-image qode-item-space qode-aig-default-masonry-item\">\n\t\t\t\t<div class=\"qode-aig-image-inner\">\n\t\t\t\t\t\t\t\t\t\t\t<a itemprop=\"image\" class=\"qode-aig-lightbox\" href=\"https:\/\/gracia.escolateresiana.com\/wp-content\/uploads\/2026\/02\/image0-2.jpg\" data-rel=\"prettyPhoto[image_gallery_pretty_photo-837]\" title=\"image0-(2)\">\n\t\t\t\t\t\t\t\t\t\t\t<img loading=\"lazy\" decoding=\"async\" width=\"1200\" height=\"1600\" src=\"https:\/\/gracia.escolateresiana.com\/wp-content\/uploads\/2026\/02\/image0-2.jpg\" class=\"attachment-full size-full\" alt=\"\" srcset=\"https:\/\/gracia.escolateresiana.com\/wp-content\/uploads\/2026\/02\/image0-2.jpg 1200w, https:\/\/gracia.escolateresiana.com\/wp-content\/uploads\/2026\/02\/image0-2-225x300.jpg 225w, https:\/\/gracia.escolateresiana.com\/wp-content\/uploads\/2026\/02\/image0-2-768x1024.jpg 768w, https:\/\/gracia.escolateresiana.com\/wp-content\/uploads\/2026\/02\/image0-2-1152x1536.jpg 1152w, https:\/\/gracia.escolateresiana.com\/wp-content\/uploads\/2026\/02\/image0-2-600x800.jpg 600w, https:\/\/gracia.escolateresiana.com\/wp-content\/uploads\/2026\/02\/image0-2-700x933.jpg 700w\" sizes=\"auto, (max-width: 1200px) 100vw, 1200px\" \/>\t\t\t\t\t\t<span class=\"aig-gallery-hover\">\n\t\t\t\t\t\t\t\t\t\t\t\t\t<\/span>\n\t\t\t\t\t\t\t\t\t\t\t<\/a>\n\t\t\t\t\t\t\t\t\t<\/div>\n\t\t\t<\/div>\n\t\t\t<\/div>\n<\/div>[\/vc_column][\/vc_row]<\/p>\n","protected":false},"excerpt":{"rendered":"<p>El pasado 27 de enero celebramos en la escuela el d\u00eda de San Enrique de Oss\u00f3, una jornada especial que forma parte de nuestra identidad de centro y que cada a\u00f1o vivimos con mucha ilusi\u00f3n.<\/p>\n","protected":false},"author":1,"featured_media":4529,"comment_status":"closed","ping_status":"open","sticky":false,"template":"","format":"standard","meta":{"ngg_post_thumbnail":0,"footnotes":""},"categories":[18],"tags":[],"class_list":["post-4532","post","type-post","status-publish","format-standard","has-post-thumbnail","hentry","category-sin-categorizar"],"_links":{"self":[{"href":"https:\/\/gracia.escolateresiana.com\/es\/wp-json\/wp\/v2\/posts\/4532","targetHints":{"allow":["GET"]}}],"collection":[{"href":"https:\/\/gracia.escolateresiana.com\/es\/wp-json\/wp\/v2\/posts"}],"about":[{"href":"https:\/\/gracia.escolateresiana.com\/es\/wp-json\/wp\/v2\/types\/post"}],"author":[{"embeddable":true,"href":"https:\/\/gracia.escolateresiana.com\/es\/wp-json\/wp\/v2\/users\/1"}],"replies":[{"embeddable":true,"href":"https:\/\/gracia.escolateresiana.com\/es\/wp-json\/wp\/v2\/comments?post=4532"}],"version-history":[{"count":2,"href":"https:\/\/gracia.escolateresiana.com\/es\/wp-json\/wp\/v2\/posts\/4532\/revisions"}],"predecessor-version":[{"id":4534,"href":"https:\/\/gracia.escolateresiana.com\/es\/wp-json\/wp\/v2\/posts\/4532\/revisions\/4534"}],"wp:featuredmedia":[{"embeddable":true,"href":"https:\/\/gracia.escolateresiana.com\/es\/wp-json\/wp\/v2\/media\/4529"}],"wp:attachment":[{"href":"https:\/\/gracia.escolateresiana.com\/es\/wp-json\/wp\/v2\/media?parent=4532"}],"wp:term":[{"taxonomy":"category","embeddable":true,"href":"https:\/\/gracia.escolateresiana.com\/es\/wp-json\/wp\/v2\/categories?post=4532"},{"taxonomy":"post_tag","embeddable":true,"href":"https:\/\/gracia.escolateresiana.com\/es\/wp-json\/wp\/v2\/tags?post=4532"}],"curies":[{"name":"wp","href":"https:\/\/api.w.org\/{rel}","templated":true}]}}